{"id":54,"date":"2019-03-28T17:34:58","date_gmt":"2019-03-28T17:34:58","guid":{"rendered":"http:\/\/www.dibecazorla.com\/blog\/?p=54"},"modified":"2019-12-07T10:24:56","modified_gmt":"2019-12-07T10:24:56","slug":"el-esperado-regreso-de-el-alcazar","status":"publish","type":"post","link":"https:\/\/www.dibecazorla.com\/blog\/el-esperado-regreso-de-el-alcazar\/","title":{"rendered":"El esperado regreso de &#8216;El Alc\u00e1zar&#8217;"},"content":{"rendered":"<p>Al hablar de los or\u00edgenes de nuestra empresa, <strong>DIBECAZORLA SL, <\/strong>recog\u00edamos el testimonio gr\u00e1fico de la primera factura que la S.A. El Alc\u00e1zar emit\u00eda en el mes de septiembre de 1956 a quien fuera durante varios lustros su distribuidor en Cazorla, el padre del actual gerente, Juan Ruiz Y\u00e1\u00f1ez.<!--more--><\/p>\n<p>En este mes de marzo del a\u00f1o 2019, nos hemos encontrado con la agradable sorpresa de retorno de nuestra cerveza <strong>EL ALC\u00c1ZAR. <\/strong>Y la acogida no ha podido ser m\u00e1s espectacular. Tras varios a\u00f1os desaparecida del mercado, <strong>HEINEKEN <\/strong>apuesta por recuperar todo un s\u00edmbolo de identidad de nuestra provincia, elabor\u00e1ndose en la misma f\u00e1brica de La Imora y con las se\u00f1as identitarias del castillo de Santa Catalina y el formato que naciera en 1928. \u00a1Qu\u00e9 m\u00e1s se puede pedir!<\/p>\n<p>360.000 botellas de tercio han desaparecido en las barras de nuestros bares en pocos d\u00edas. Ya contamos en nuestros almacenes con la segunda producci\u00f3n. <strong>EL ALC\u00c1ZAR<\/strong> ha vuelto renovada y adaptada a los gustos de un consumidor cada vez m\u00e1s exigente. Sobre la antigua receta original, nuestros maestros cerveceros han elaborado un producto de <strong>m\u00e1xima calidad<\/strong>; una cerveza con cuerpo, con sabor intenso y fuerte notas arom\u00e1ticas. Su graduaci\u00f3n, 6\u00ba ABV, se distancia apenas de los 5,7\u00ba que pose\u00eda la antigua <strong>ALC\u00c1ZAR Premium <\/strong>en el momento de su desaparici\u00f3n.<\/p>\n<p>Es un momento de disfrutar la primavera con nuestra cerveza <strong>EL ALC\u00c1ZAR.<\/strong> Es un momento de recuperar recuerdos y an\u00e9cdotas de su pasado, mientras nos deleitamos con la misma en nuestros establecimientos de hosteler\u00eda. Es el momento de sentirnos orgullosos de lo elaborado en Ja\u00e9n\u2026 \u00a1\u00a1De lo nuestro!! Como siempre, <strong>DIBECAZORLA SL <\/strong>recomienda el consumo responsable.<\/p>\n<p>&nbsp;<\/p>\n<p>&nbsp;<\/p>\n","protected":false},"excerpt":{"rendered":"<p>Al hablar de los or\u00edgenes de nuestra empresa, DIBECAZORLA SL, recog\u00edamos el testimonio gr\u00e1fico de la primera factura que la S.A. El Alc\u00e1zar emit\u00eda en el mes de septiembre de 1956 a quien fuera durante varios lustros su distribuidor en Cazorla, el padre del actual gerente, Juan Ruiz Y\u00e1\u00f1ez.<\/p>\n","protected":false},"author":2,"featured_media":55,"comment_status":"closed","ping_status":"open","sticky":false,"template":"","format":"standard","meta":[],"categories":[1],"tags":[5,9,2,13,14],"_links":{"self":[{"href":"https:\/\/www.dibecazorla.com\/blog\/wp-json\/wp\/v2\/posts\/54"}],"collection":[{"href":"https:\/\/www.dibecazorla.com\/blog\/wp-json\/wp\/v2\/posts"}],"about":[{"href":"https:\/\/www.dibecazorla.com\/blog\/wp-json\/wp\/v2\/types\/post"}],"author":[{"embeddable":true,"href":"https:\/\/www.dibecazorla.com\/blog\/wp-json\/wp\/v2\/users\/2"}],"replies":[{"embeddable":true,"href":"https:\/\/www.dibecazorla.com\/blog\/wp-json\/wp\/v2\/comments?post=54"}],"version-history":[{"count":1,"href":"https:\/\/www.dibecazorla.com\/blog\/wp-json\/wp\/v2\/posts\/54\/revisions"}],"predecessor-version":[{"id":56,"href":"https:\/\/www.dibecazorla.com\/blog\/wp-json\/wp\/v2\/posts\/54\/revisions\/56"}],"wp:featuredmedia":[{"embeddable":true,"href":"https:\/\/www.dibecazorla.com\/blog\/wp-json\/wp\/v2\/media\/55"}],"wp:attachment":[{"href":"https:\/\/www.dibecazorla.com\/blog\/wp-json\/wp\/v2\/media?parent=54"}],"wp:term":[{"taxonomy":"category","embeddable":true,"href":"https:\/\/www.dibecazorla.com\/blog\/wp-json\/wp\/v2\/categories?post=54"},{"taxonomy":"post_tag","embeddable":true,"href":"https:\/\/www.dibecazorla.com\/blog\/wp-json\/wp\/v2\/tags?post=54"}],"curies":[{"name":"wp","href":"https:\/\/api.w.org\/{rel}","templated":true}]}}